{"id":8863,"date":"2026-07-28T02:26:30","date_gmt":"2026-07-28T02:26:30","guid":{"rendered":"https:\/\/224studyo.com\/deka\/temper-oncesi-rodaj-neden-zorunlu\/"},"modified":"2026-08-27T12:23:14","modified_gmt":"2026-08-27T12:23:14","slug":"temper-oncesi-rodaj-neden-zorunlu","status":"publish","type":"post","link":"https:\/\/dekamakine.com.tr\/en\/temper-oncesi-rodaj-neden-zorunlu\/","title":{"rendered":"Temper \u00d6ncesi Rodaj Neden Zorunlu? Cam Neden F\u0131r\u0131nda Patlar"},"content":{"rendered":"<p>Temperleme tesislerinde ya\u015fanan fire kay\u0131plar\u0131n\u0131n b\u00fcy\u00fck b\u00f6l\u00fcm\u00fc tek bir nedene dayan\u0131r: <strong>f\u0131r\u0131na giren cam\u0131n kenar\u0131 i\u015flenmemi\u015ftir.<\/strong> Bu yaz\u0131da neden b\u00f6yle oldu\u011funu ve rodaj\u0131n bunu nas\u0131l \u00f6nledi\u011fini a\u00e7\u0131kl\u0131yoruz.<\/p>\n<h2>Temperleme s\u0131ras\u0131nda camda ne oluyor?<\/h2>\n<p>Temperleme i\u015fleminde cam yakla\u015f\u0131k 620\u2013650 \u00b0C&#8217;ye kadar \u0131s\u0131t\u0131l\u0131r, ard\u0131ndan y\u00fczeyine h\u0131zla so\u011futucu hava \u00fcflenir. Y\u00fczey i\u00e7eriden daha h\u0131zl\u0131 so\u011fur ve b\u00fcz\u00fcl\u00fcr; i\u00e7 k\u0131s\u0131m h\u00e2l\u00e2 s\u0131cak ve genle\u015fmi\u015f haldedir.<\/p>\n<p>Sonu\u00e7ta cam\u0131n <strong>y\u00fczeyinde bas\u0131n\u00e7<\/strong>, <strong>i\u00e7 k\u0131sm\u0131nda \u00e7ekme gerilmesi<\/strong> olu\u015fur. Cam\u0131 normal camdan 4\u20135 kat g\u00fc\u00e7l\u00fc yapan da tam olarak budur: y\u00fczeydeki bas\u0131n\u00e7, d\u0131\u015far\u0131dan gelen darbelerin \u00e7atlak ba\u015flatmas\u0131n\u0131 zorla\u015ft\u0131r\u0131r.<\/p>\n<h2>Peki neden patl\u0131yor?<\/h2>\n<p>Kesilmi\u015f bir cam kenar\u0131 \u00e7\u0131plak g\u00f6zle d\u00fczg\u00fcn g\u00f6r\u00fcn\u00fcr. Ancak mikroskobik \u00f6l\u00e7ekte durum farkl\u0131d\u0131r: kesme i\u015flemi kenar boyunca <strong>mikro \u00e7entikler ve \u00e7atlaklar<\/strong> b\u0131rak\u0131r. Bunlar normal \u015fartlarda sorun \u00e7\u0131karmaz.<\/p>\n<p>Temperlemede ise devreye giren gerilme, bu mikro \u00e7atla\u011f\u0131 b\u00fcy\u00fctecek bir kuvvet haline gelir. \u00c7atlak kritik bir boyuta ula\u015ft\u0131\u011f\u0131nda cam kendini serbest b\u0131rak\u0131r \u2014 ve temperli cam k\u0131r\u0131ld\u0131\u011f\u0131nda binlerce k\u00fc\u00e7\u00fck par\u00e7aya ayr\u0131l\u0131r.<\/p>\n<p>Bunun sinsi yan\u0131 \u015fudur: cam her zaman f\u0131r\u0131nda patlamaz. Bazen f\u0131r\u0131ndan sa\u011flam \u00e7\u0131kar, paketlenir, sevk edilir ve sahada \u2014 hatta montajdan haftalar sonra \u2014 kendili\u011finden k\u0131r\u0131l\u0131r. Bu t\u00fcr gecikmeli k\u0131r\u0131lmalar hem maliyetli hem itibar a\u00e7\u0131s\u0131ndan y\u0131prat\u0131c\u0131d\u0131r.<\/p>\n<h2>Rodaj bu sorunu nas\u0131l \u00e7\u00f6z\u00fcyor?<\/h2>\n<p>Kenar i\u015fleme, mikro \u00e7atlaklar\u0131n bulundu\u011fu malzeme katman\u0131n\u0131 fiziksel olarak uzakla\u015ft\u0131r\u0131r. Kenar p\u00fcr\u00fczs\u00fcz hale geldi\u011finde, \u0131s\u0131l gerilmenin b\u00fcy\u00fctebilece\u011fi bir ba\u015flang\u0131\u00e7 noktas\u0131 kalmaz.<\/p>\n<p>Burada \u00f6nemli bir ayr\u0131m var: <strong>temperleme i\u00e7in parlak rodaj gerekmez.<\/strong> Kenar\u0131n g\u00f6r\u00fcn\u00fcr kalmayaca\u011f\u0131 \u0131s\u0131cam \u00fcnitelerinde \u00e7apak alma (seaming) \u00e7o\u011fu zaman yeterlidir. Ama\u00e7 estetik de\u011fil, \u00e7atlak ba\u015flang\u0131c\u0131n\u0131 ortadan kald\u0131rmakt\u0131r.<\/p>\n<h2>Rodaj \u00e7e\u015fitleri aras\u0131ndaki fark<\/h2>\n<ul>\n<li><strong>\u00c7apak alma (seaming\/arrissing):<\/strong> Kenar\u0131n keskinli\u011fini al\u0131r. Temperleme ve \u0131s\u0131cam hatlar\u0131nda minimum gereksinim.<\/li>\n<li><strong>Straight break-in period:<\/strong> Kenar\u0131 d\u00fczg\u00fcn bir y\u00fczeye getirir, kenar mat kal\u0131r.<\/li>\n<li><strong>High-gloss polishing:<\/strong> Kenar\u0131 parlat\u0131r. Du\u015fakabin, masa cam\u0131 gibi kenar\u0131n g\u00f6r\u00fcnd\u00fc\u011f\u00fc \u00fcr\u00fcnlerde kullan\u0131l\u0131r.<\/li>\n<li><strong>Corner and radius:<\/strong> Keskin k\u00f6\u015feleri k\u0131rar veya yuvarlat\u0131r; elle\u00e7lemede yaralanma riskini d\u00fc\u015f\u00fcr\u00fcr.<\/li>\n<\/ul>\n<h2>S\u0131k yap\u0131lan \u00fcretim planlama hatas\u0131<\/h2>\n<p>En pahal\u0131 hata, i\u015flem s\u0131ras\u0131n\u0131n yanl\u0131\u015f kurulmas\u0131d\u0131r. <strong>Temperlemeden sonra camda hi\u00e7bir i\u015flem yap\u0131lamaz<\/strong> \u2014 delme, kesme, kenar i\u015fleme, hi\u00e7biri. Temperli cama matkap de\u011fdirmek cam\u0131 parampar\u00e7a eder.<\/p>\n<p>Do\u011fru s\u0131ra \u015fudur:<\/p>\n<ol>\n<li>Cut<\/li>\n<li>Edge finishing (grinding\/polishing)<\/li>\n<li>Delme, hav\u015fa, \u015fekilli kesim<\/li>\n<li>Washing<\/li>\n<li>Temperleme<\/li>\n<\/ol>\n<p>F\u0131r\u0131na giren cam, art\u0131k son halindedir.<\/p>\n<h2>Is\u0131cam \u00fcretiminde ayr\u0131ca ne de\u011fi\u015fiyor?<\/h2>\n<p>Is\u0131cam (yal\u0131t\u0131m cam\u0131) \u00fcnitelerinde i\u015flenmemi\u015f kenar\u0131n etkisi farkl\u0131 bir bi\u00e7imde ortaya \u00e7\u0131kar: ara \u00e7\u0131ta ve birle\u015ftirme macunu camla tam temas edemez. Sonu\u00e7, y\u0131llar i\u00e7inde \u00fcnitenin nem almas\u0131 ve i\u00e7eriden bu\u011fulanmas\u0131d\u0131r. Bu, garanti kapsam\u0131nda de\u011fi\u015fim demektir.<\/p>\n<h2>\u00d6zet<\/h2>\n<p>Temperleme f\u0131r\u0131n\u0131na giren her cam\u0131n kenar\u0131 i\u015flenmi\u015f olmal\u0131d\u0131r. Bu bir kalite tercihi de\u011fil, s\u00fcrecin fiziksel gereklili\u011fidir. Fire oran\u0131n\u0131zda a\u00e7\u0131klayamad\u0131\u011f\u0131n\u0131z bir y\u00fckseklik varsa, ilk bak\u0131lacak yer kenar haz\u0131rl\u0131\u011f\u0131d\u0131r.<\/p>\n<p><a href=\"\/en\/deka\/cam-rodaj-ve-taslama-makinesi\/\">Glass grinding and polishing machines<\/a> You can get detailed information about it or <a href=\"\/en\/deka\/makine\/dkdt-dikey-cam-rodaj-makinesi\/\">DKDT series<\/a> inceleyebilirsiniz.<\/p>","protected":false},"excerpt":{"rendered":"<p>Temperleme f\u0131r\u0131n\u0131ndaki fire kay\u0131plar\u0131n\u0131n en yayg\u0131n nedeni i\u015flenmemi\u015f cam kenar\u0131d\u0131r. Mikro \u00e7atlaklar\u0131n \u0131s\u0131l gerilme alt\u0131nda nas\u0131l b\u00fcy\u00fcd\u00fc\u011f\u00fcn\u00fc ve rodaj\u0131n bunu nas\u0131l \u00f6nledi\u011fini a\u00e7\u0131kl\u0131yoruz.<\/p>","protected":false},"author":1,"featured_media":9049,"comment_status":"open","ping_status":"open","sticky":false,"template":"","format":"standard","meta":{"footnotes":""},"categories":[53],"tags":[],"class_list":["post-8863","post","type-post","status-publish","format-standard","has-post-thumbnail","hentry","category-cam-isleme-teknikleri"],"_links":{"self":[{"href":"https:\/\/dekamakine.com.tr\/en\/wp-json\/wp\/v2\/posts\/8863","targetHints":{"allow":["GET"]}}],"collection":[{"href":"https:\/\/dekamakine.com.tr\/en\/wp-json\/wp\/v2\/posts"}],"about":[{"href":"https:\/\/dekamakine.com.tr\/en\/wp-json\/wp\/v2\/types\/post"}],"author":[{"embeddable":true,"href":"https:\/\/dekamakine.com.tr\/en\/wp-json\/wp\/v2\/users\/1"}],"replies":[{"embeddable":true,"href":"https:\/\/dekamakine.com.tr\/en\/wp-json\/wp\/v2\/comments?post=8863"}],"version-history":[{"count":1,"href":"https:\/\/dekamakine.com.tr\/en\/wp-json\/wp\/v2\/posts\/8863\/revisions"}],"predecessor-version":[{"id":9102,"href":"https:\/\/dekamakine.com.tr\/en\/wp-json\/wp\/v2\/posts\/8863\/revisions\/9102"}],"wp:featuredmedia":[{"embeddable":true,"href":"https:\/\/dekamakine.com.tr\/en\/wp-json\/wp\/v2\/media\/9049"}],"wp:attachment":[{"href":"https:\/\/dekamakine.com.tr\/en\/wp-json\/wp\/v2\/media?parent=8863"}],"wp:term":[{"taxonomy":"category","embeddable":true,"href":"https:\/\/dekamakine.com.tr\/en\/wp-json\/wp\/v2\/categories?post=8863"},{"taxonomy":"post_tag","embeddable":true,"href":"https:\/\/dekamakine.com.tr\/en\/wp-json\/wp\/v2\/tags?post=8863"}],"curies":[{"name":"wp","href":"https:\/\/api.w.org\/{rel}","templated":true}]}}